{"id":19866,"date":"2023-11-06T16:29:39","date_gmt":"2023-11-06T15:29:39","guid":{"rendered":"http:\/\/restauranteabrassame.com\/turisme-a-barcelona\/"},"modified":"2024-01-12T12:53:48","modified_gmt":"2024-01-12T11:53:48","slug":"turisme-a-barcelona","status":"publish","type":"post","link":"https:\/\/restauranteabrassame.com\/ca\/turisme-a-barcelona\/","title":{"rendered":"Turisme a Barcelona"},"content":{"rendered":"\t\t<div data-elementor-type=\"wp-post\" data-elementor-id=\"19866\" class=\"elementor elementor-19866 elementor-18695\" data-elementor-post-type=\"post\">\n\t\t\t\t\t\t<section class=\"elementor-section elementor-top-section elementor-element elementor-element-4b8460c elementor-section-stretched elementor-section-boxed elementor-section-height-default elementor-section-height-default sc_fly_static\" data-id=\"4b8460c\" data-element_type=\"section\" data-settings=\"{&quot;stretch_section&quot;:&quot;section-stretched&quot;}\">\n\t\t\t\t\t\t<div class=\"elementor-container elementor-column-gap-extended\">\n\t\t\t\t\t<div class=\"elementor-column elementor-col-100 elementor-top-column elementor-element elementor-element-787d126 sc_content_align_inherit sc_layouts_column_icons_position_left sc_fly_static\" data-id=\"787d126\" data-element_type=\"column\">\n\t\t\t<div class=\"elementor-widget-wrap elementor-element-populated\">\n\t\t\t\t\t\t<div class=\"elementor-element elementor-element-aab641c sc_fly_static elementor-widget elementor-widget-text-editor\" data-id=\"aab641c\" data-element_type=\"widget\" data-widget_type=\"text-editor.default\">\n\t\t\t\t<div class=\"elementor-widget-container\">\n\t\t\t\t\t\t\t\t\t<p>Fer turisme a Barcelona? A la teva pr\u00f2pia ciutat? I per qu\u00e8 no? Encara que siguem d&#8217;aqu\u00ed, sempre hi ha racons i punts d&#8217;inter\u00e8s per descobrir. I m\u00e9s a Barcelona, ciutat amb un sinf\u00ed d&#8217;amagatalls, monuments, parcs, museus, exposicions&#8230; Sempre \u00e9s un bon pla fer turisme a Barcelona.<\/p>\n<p>En aquest article ens enfocarem a la zona de Montju\u00efc, la m\u00e9s propera al restaurant Abrassame. Aix\u00ed que agafar motxilla, cantimplora i un cal\u00e7at c\u00f2mode, que comencem l&#8217;excursi\u00f3.<\/p>\n<p><strong>Castell de Montju\u00efc.<\/strong>  Est\u00e0 situat a la part m\u00e9s planera de la muntanya. Hi ha dues opcions per arribar, amb els autobusos 150 o 55 i tamb\u00e9 a Telef\u00e8ric des de la parada de Metro Paral\u00b7lel.<\/p>\n<p>Com tots els castells, aquest tamb\u00e9 t\u00e9 la seva peculiar hist\u00f2ria. L&#8217;any 1.074 va comen\u00e7ar sent un far, on hi havia una caseta habitada per un mariner que era l&#8217;encarregat de vigilar si arribaven vaixells hostils a les nostres costes. Durant els anys 1.940-1952 s&#8217; emmuralla el far, convertint-se en un fort\u00ed. I no va ser fins als anys 1.688-1.697 que va arribar a convertir-se en el Castell que \u00e9s avui dia. Podeu comprar les entrades al seg\u00fcent <strong>link<\/strong>, per\u00f2 teniu en compte que els primers diumenges del mes fan jornades de portes obertes, \u00e9s a dir, que l&#8217;entrada \u00e9s gratis. L&#8217;entrada tamb\u00e9 \u00e9s gratu\u00efta tots els diumenges a partir de les 15:00 hores. Aix\u00ed que ja sabeu, si podeu, organitzeu l&#8217;excursi\u00f3 per al primer diumenge del mes. En sortir del castell, baixarem per la Carretera de Montju\u00efc per aprofitar i anar al <strong>Mirador de l&#8217;Alcalde<\/strong> i gaudiu de les vistes panor\u00e0miques de la ciutat.<\/p>\n<p><strong>Jard\u00ed bot\u00e0nic.<\/strong>  N&#8217;hi ha dos a Montju\u00efc, el Jard\u00ed Bot\u00e0nic de Barcelona i el Jard\u00ed Bot\u00e0nic Hist\u00f2ric.<\/p>\n<p>Comen\u00e7arem amb el primer, que \u00e9s el que \u00e9s m\u00e9s a prop del castell, el Jard\u00ed Bot\u00e0nic de Barcelona. La seva funci\u00f3 \u00e9s donar a con\u00e8ixer i preservar les plantes de la Mediterr\u00e0nia. En el seu itinerari principal mostra la similitud que trobarem amb els paisatges californians, xilens, sud-africans i australians. La millor temporada per anar a visitar-lo \u00e9s a la primavera, trobareu un espectacle de colors ja que \u00e9s quan floreixen la majoria de les flors. En el seg\u00fcent link trobareu informaci\u00f3 <strong>d&#8217;horaris i preus<\/strong>. Tot i que, com el Castell de Montju\u00efc, l&#8217;entrada tamb\u00e9 \u00e9s gratu\u00efta el primer diumenge del mes i tots els diumenges a partir de les 15:00 hores.<\/p>\n<p>Jard\u00ed Bot\u00e0nic Hist\u00f2ric. Aqu\u00ed trobarem plantes de climes m\u00e9s freds. El motiu \u00e9s perqu\u00e8 est\u00e0 situat en una zona fondejada i ombr\u00edvola de Montju\u00efc on la temperatura pot arribar a descendir fins a 4t, ideal per refrescar-nos en aquests dies tan calorosos de l&#8217;estiu. Aqu\u00ed l&#8217;entrada sempre \u00e9s gratis, tot i que en el seg\u00fcent link trobareu informaci\u00f3 <strong>d&#8217;horaris d&#8217;obertura i ubicaci\u00f3<\/strong>.<\/p>\n\t\t\t\t\t\t\t\t<\/div>\n\t\t\t\t<\/div>\n\t\t\t\t\t<\/div>\n\t\t<\/div>\n\t\t\t\t\t<\/div>\n\t\t<\/section>\n\t\t\t\t<section class=\"elementor-section elementor-top-section elementor-element elementor-element-c23845a elementor-section-boxed elementor-section-height-default elementor-section-height-default sc_fly_static\" data-id=\"c23845a\" data-element_type=\"section\">\n\t\t\t\t\t\t<div class=\"elementor-container elementor-column-gap-extended\">\n\t\t\t\t\t<div class=\"elementor-column elementor-col-100 elementor-top-column elementor-element elementor-element-ae6cd41 sc_content_align_inherit sc_layouts_column_icons_position_left sc_fly_static\" data-id=\"ae6cd41\" data-element_type=\"column\">\n\t\t\t<div class=\"elementor-widget-wrap elementor-element-populated\">\n\t\t\t\t\t\t<div class=\"elementor-element elementor-element-1b5799a sc_fly_static elementor-widget elementor-widget-image\" data-id=\"1b5799a\" data-element_type=\"widget\" data-widget_type=\"image.default\">\n\t\t\t\t<div class=\"elementor-widget-container\">\n\t\t\t\t\t\t\t\t\t\t\t\t\t\t\t<img fetchpriority=\"high\" decoding=\"async\" width=\"300\" height=\"173\" src=\"https:\/\/restauranteabrassame.com\/wp-content\/uploads\/2023\/11\/Turismo-en-Barcelona-Jardin-Botanico-300x173-1.jpg\" class=\"attachment-large size-large wp-image-19431\" alt=\"\" \/>\t\t\t\t\t\t\t\t\t\t\t\t\t\t\t<\/div>\n\t\t\t\t<\/div>\n\t\t\t\t\t<\/div>\n\t\t<\/div>\n\t\t\t\t\t<\/div>\n\t\t<\/section>\n\t\t\t\t<section class=\"elementor-section elementor-top-section elementor-element elementor-element-42e4841 elementor-section-stretched elementor-section-boxed elementor-section-height-default elementor-section-height-default sc_fly_static\" data-id=\"42e4841\" data-element_type=\"section\" data-settings=\"{&quot;stretch_section&quot;:&quot;section-stretched&quot;}\">\n\t\t\t\t\t\t<div class=\"elementor-container elementor-column-gap-extended\">\n\t\t\t\t\t<div class=\"elementor-column elementor-col-100 elementor-top-column elementor-element elementor-element-f78f3bf sc_content_align_inherit sc_layouts_column_icons_position_left sc_fly_static\" data-id=\"f78f3bf\" data-element_type=\"column\">\n\t\t\t<div class=\"elementor-widget-wrap elementor-element-populated\">\n\t\t\t\t\t\t<div class=\"elementor-element elementor-element-493895f sc_fly_static elementor-widget elementor-widget-text-editor\" data-id=\"493895f\" data-element_type=\"widget\" data-widget_type=\"text-editor.default\">\n\t\t\t\t<div class=\"elementor-widget-container\">\n\t\t\t\t\t\t\t\t\t<p><strong>Parcs i jardins.<\/strong>  Hi ha molts parcs i jardins per la zona de Montju\u00efc. Els podeu anar visitant mentre aneu caminant des del Jard\u00ed Bot\u00e0nic de Barcelona fins al Jard\u00ed Bot\u00e0nic Hist\u00f2ric. Els m\u00e9s populars i m\u00e9s ben puntuats a Google s\u00f3n, els <strong>Jardins Moss\u00e8n Cinto Verdaguer<\/strong>, els <strong>Jardins de Laribal<\/strong> i els <strong>Jardins de Joan Maragall.<\/strong> Qualsevol d&#8217;ells \u00e9s ideal per fer una parada t\u00e8cnica i muntar un petit p\u00edcnic per recarregar forces i continuar amb la marxa. Aix\u00ed que no oblideu d&#8217;afegir a la motxilla un mantell de quadres blancs i vermells, per donar-li un toc m\u00e9s xic a les fotos.<\/p>\n<p><strong>El marrec Poble Espanyol.<\/strong>  Parada obligat\u00f2ria per als qui fan turisme a Barcelona. Va ser constru\u00eft gr\u00e0cies a l&#8217; Exposici\u00f3 Internacional que es va celebrar a Barcelona l&#8217; any 1929, que va suposar un gran desenvolupament urban\u00edstic per a Barcelona, m\u00e9s concretament per a la zona de Montju\u00efc i \u00e0rees confrontants. El Poble Espanyol \u00e9s un dels recintes m\u00e9s populars i carism\u00e0tics de la ciutat. Representa l&#8217; arquitectura m\u00e9s popular i la cultura d&#8217; Espanya. A m\u00e9s, organitzen milers d&#8217;esdeveniments, concerts, exposicions&#8230; Us deixem el <strong>link del seu web<\/strong> perqu\u00e8 podeu indagar sobre els horaris, preus i tota la informaci\u00f3 que necessiteu.<\/p>\n<p><strong>El teatre grec.<\/strong>  El seu nom no es deu al que va ser constru\u00efda pels grecs, \u00e9s perqu\u00e8 l&#8217;arquitecte es va inspirar en el teatre d&#8217;Epidauro de l&#8217;antiga Gr\u00e8cia en dissenyar-lo. Va ser constru\u00eft l&#8217; any 1929 per motiu de l&#8217; Exposici\u00f3 Internacional. \u00c9s un teatre a l&#8217;aire lliure ubicat en un entorn enjardinat d&#8217;1,65 hect\u00e0rees, acull 1900 espectadors i realitzen obres teatrals i dansa. En el seg\u00fcent link trobareu <strong>funcions, horaris i preus.<\/strong><\/p>\n<p><strong>El majestu\u00f3s Palau Nacional, el MNAC.<\/strong>  Tamb\u00e9 va ser constru\u00eft gr\u00e0cies a l&#8217;Exposici\u00f3 Internacional. Edifici d&#8217;estil classicista coronat per una gran c\u00fapula inspirada en la bas\u00edlica de Sant Pere i quatre torres inspirades en la catedral de Santiago de Compostel\u00b7la. Harmoniosa combinaci\u00f3 donant fruit a un dels edificis m\u00e9s emblem\u00e0tics i majestuosos de Barcelona. Destaca per albergar una de les col\u00b7leccions d&#8217;art rom\u00e0nic m\u00e9s completes del m\u00f3n. A m\u00e9s de guarir col\u00b7leccions i organitzar exposicions, disposa d&#8217;amplis espais interiors llogables per organitzar singulars esdeveniments. En el seg\u00fcent link us podreu empapar de tota la seva <strong>hist\u00f2ria, horaris i preus.<\/strong> A difer\u00e8ncia que el castell de Montju\u00efc, aqu\u00ed l&#8217;entrada \u00e9s gratu\u00efta el primer diumenge del mes i tots els dissabtes a partir de les 15:00 hores. Nota important, t\u00f2mat un respir a l&#8217;escalinata de la porta principal, les vistes panor\u00e0miques conviden al relax mentre gaudeixes del paisatge.<\/p>\n\t\t\t\t\t\t\t\t<\/div>\n\t\t\t\t<\/div>\n\t\t\t\t<div class=\"elementor-element elementor-element-e5b7fde sc_fly_static elementor-widget elementor-widget-image\" data-id=\"e5b7fde\" data-element_type=\"widget\" data-widget_type=\"image.default\">\n\t\t\t\t<div class=\"elementor-widget-container\">\n\t\t\t\t\t\t\t\t\t\t\t\t\t\t\t<img decoding=\"async\" width=\"300\" height=\"225\" src=\"https:\/\/restauranteabrassame.com\/wp-content\/uploads\/2023\/11\/Turismo-en-Barcelona-Vistas-Panoramicas-300x225-1.jpg\" class=\"attachment-large size-large wp-image-19433\" alt=\"\" \/>\t\t\t\t\t\t\t\t\t\t\t\t\t\t\t<\/div>\n\t\t\t\t<\/div>\n\t\t\t\t\t<\/div>\n\t\t<\/div>\n\t\t\t\t\t<\/div>\n\t\t<\/section>\n\t\t\t\t<section class=\"elementor-section elementor-top-section elementor-element elementor-element-381d00f elementor-section-stretched elementor-section-boxed elementor-section-height-default elementor-section-height-default sc_fly_static\" data-id=\"381d00f\" data-element_type=\"section\" data-settings=\"{&quot;stretch_section&quot;:&quot;section-stretched&quot;}\">\n\t\t\t\t\t\t<div class=\"elementor-container elementor-column-gap-extended\">\n\t\t\t\t\t<div class=\"elementor-column elementor-col-100 elementor-top-column elementor-element elementor-element-d8c5084 sc_content_align_inherit sc_layouts_column_icons_position_left sc_fly_static\" data-id=\"d8c5084\" data-element_type=\"column\">\n\t\t\t<div class=\"elementor-widget-wrap elementor-element-populated\">\n\t\t\t\t\t\t<div class=\"elementor-element elementor-element-73cc0bd sc_fly_static elementor-widget elementor-widget-text-editor\" data-id=\"73cc0bd\" data-element_type=\"widget\" data-widget_type=\"text-editor.default\">\n\t\t\t\t<div class=\"elementor-widget-container\">\n\t\t\t\t\t\t\t\t\t<p><strong>Caixa Forum, antiga f\u00e0brica Casaramona.<\/strong>  Edifici d&#8217; estil modernista constru\u00eft entre 1909 i 1912 a les faldilles de Montju\u00efc. Era propietat d&#8217;un industrial cotoner que fabricava mantes i tovalloles. Molt b\u00e9 li hauria d&#8217;anar per poder edificar una f\u00e0brica de tal calibre. Per\u00f2 sembla ser que l&#8217;\u00e8xit li va durar poc, la f\u00e0brica va trencar i l&#8217;any 1919 va haver de tancar les seves portes. Despr\u00e9s passo a servir com a magatzems per a l&#8217;Exposici\u00f3 Internacional del 29 i fins i tot va ser seu de la Policia Nacional. La Fundaci\u00f3 La Caixa el va adquirir el 1963 i 10 anys despr\u00e9s va ser declarat b\u00e9 d&#8217;inter\u00e8s cultural. Va ser el 1993 quan es va iniciar les obres de restauraci\u00f3 per al seu \u00fas social i cultural com a CaixaForum inaugurat l&#8217; any 2002. Alberga col\u00b7leccions permanents, realitza exposicions temporals i organitza infinitat d&#8217;activitats. Anar al seg\u00fcent link per informar-vos<strong> d&#8217;horaris, preus i activitats<\/strong>. Si ets client de CaixaBank, obtindr\u00e0s descomptes i fins i tot podr\u00e0s gaudir d&#8217;activitats gratu\u00eftes.<\/p>\n<p><strong>Font m\u00e0gica de Montju\u00efc.<\/strong>  Tamb\u00e9 va ser constru\u00efda l&#8217; any 1929 per l&#8217; Exposici\u00f3 Internacional del 29. Clarament l&#8217;exposici\u00f3 va suposar un gran canvi per a la zona de Montju\u00efc i les zones m\u00e9s properes. Aquest projecte va englobar des de les fileres lluminoses de l&#8217; Av. Maria Cristina fins a les cascades i estanys del Palau Nacional (MNAC) sent la font l&#8217;element principal. Est\u00e0 situada a la Pla\u00e7a Carles Bu\u00efgas, nom de l&#8217;arquitecte que es va encarregar a construir aquesta colossal combinaci\u00f3 d&#8217;obres arquitect\u00f2niques destacant l&#8217;aigua com a element essencial del projecte. L&#8217;encant de la font \u00e9s que combina el joc de llums amb l&#8217;aigua al so de la m\u00fasica. En el seg\u00fcent enlla\u00e7 trobareu els <strong>horaris actualitzats.<\/strong><\/p>\n<p><strong>Pla\u00e7a Espanya.<\/strong>  Acabem a pla\u00e7a Espanya, aqu\u00ed trobarem la rotonda m\u00e9s famosa de Barcelona, catalogada com a Patrimoni Cultural Catal\u00e0. Sabeu en quin any es va construir? Correcte, l&#8217; any 1929 a causa de l&#8217; Exposici\u00f3 Internacional. Va ser dissenyada per l&#8217;arquitecte Josep Maria Pujol i de les escultures ornamentals es van encarregar Miguel Blay, Frederic Llobet i els germans Miquel i Lluci\u00e0 Osl\u00e9. Cada dissenyador va plasmar el seu propi estil, observant-la detingudament descobrirem arquitectura cl\u00e0ssica grecoromana, barroca, realisme classicista, noucentisme i art dec\u00f3. Perqu\u00e8 despr\u00e9s diguin que no \u00e9s bo barrejar, veient aquesta obra sembla que de vegades combinar estils dona extraordinaris resultats. Donant nom a la pla\u00e7a, les est\u00e0tues representen una al\u00b7legoria po\u00e8tica a Espanya, simbolitzant els rius que desemboquen en els tres mars que envolta la pen\u00ednsula.<\/p>\n<p>Just al costat trobarem <strong>Les Arenes de Barcelona.<\/strong> Antiga pla\u00e7a de bous constru\u00efda l&#8217; any 1900 i reconvertida el 2011 en un centre cultural i de lleure mantenint l&#8217; estructura d&#8217; estil neomud\u00e9jar original. Hi ha botigues de tota mena, moda, supermercat, cafeteries, exposicions, restaurants i fins a un gimn\u00e0s amb SPA. A dalt, a la c\u00fapula, a m\u00e9s d&#8217;estar nosotr@s, trobar\u00e0s unes vistes panor\u00e0miques espectaculars de tota la ciutat. Ideal per acabar el dia de turisme a Barcelona, aix\u00ed podreu sopar a Abrassame per posar el brogit final d&#8217;or al teu dia de turisme a Barcelona.<\/p>\n\t\t\t\t\t\t\t\t<\/div>\n\t\t\t\t<\/div>\n\t\t\t\t<div class=\"elementor-element elementor-element-b6ddaef sc_fly_static elementor-widget elementor-widget-image\" data-id=\"b6ddaef\" data-element_type=\"widget\" data-widget_type=\"image.default\">\n\t\t\t\t<div class=\"elementor-widget-container\">\n\t\t\t\t\t\t\t\t\t\t\t\t\t\t\t<img decoding=\"async\" width=\"300\" height=\"200\" src=\"https:\/\/restauranteabrassame.com\/wp-content\/uploads\/2023\/11\/Turismo-en-Barcelona-Restaurante-Abrassame-300x200-1.jpg\" class=\"attachment-large size-large wp-image-19435\" alt=\"\" \/>\t\t\t\t\t\t\t\t\t\t\t\t\t\t\t<\/div>\n\t\t\t\t<\/div>\n\t\t\t\t\t<\/div>\n\t\t<\/div>\n\t\t\t\t\t<\/div>\n\t\t<\/section>\n\t\t\t\t<section class=\"elementor-section elementor-top-section elementor-element elementor-element-0287553 elementor-section-stretched elementor-section-boxed elementor-section-height-default elementor-section-height-default sc_fly_static\" data-id=\"0287553\" data-element_type=\"section\" data-settings=\"{&quot;stretch_section&quot;:&quot;section-stretched&quot;}\">\n\t\t\t\t\t\t<div class=\"elementor-container elementor-column-gap-extended\">\n\t\t\t\t\t<div class=\"elementor-column elementor-col-100 elementor-top-column elementor-element elementor-element-2c3f676 sc_content_align_inherit sc_layouts_column_icons_position_left sc_fly_static\" data-id=\"2c3f676\" data-element_type=\"column\">\n\t\t\t<div class=\"elementor-widget-wrap elementor-element-populated\">\n\t\t\t\t\t\t<div class=\"elementor-element elementor-element-c16aabc sc_fly_static elementor-widget elementor-widget-text-editor\" data-id=\"c16aabc\" data-element_type=\"widget\" data-widget_type=\"text-editor.default\">\n\t\t\t\t<div class=\"elementor-widget-container\">\n\t\t\t\t\t\t\t\t\t<p><strong>Visites extres:<\/strong><\/p>\n<p><strong>Cementiri de Montju\u00efc.<\/strong>  Turisme de cementiris, tamb\u00e9 anomenat necroturisme. Amb gran tradici\u00f3 a Europa, cada vegada s&#8217;est\u00e0 instaurant m\u00e9s a les nostres terres. Els turistes entenen que \u00e9s un element arquitect\u00f2nic i cultural de la regi\u00f3, m\u00e9s enll\u00e0 de la funci\u00f3 que exerceix.<\/p>\n<p>El cementiri de Montju\u00efc, declarat Patrimoni Cultural Catal\u00e0, va ser constru\u00eft l&#8217; any 1883 per l&#8217; arquitecte ecl\u00e8ctic Leandre Albareda. Abra\u00e7a pr\u00e0cticament tot el vessant sud de la muntanya, compta amb una superf\u00edcie de 560.000 hect\u00e0rees amb m\u00e9s de 160.000 sepultures, per rec\u00f3rrer-lo et pot donar per a m\u00e9s d&#8217;una setmana si ets molt fan d&#8217;aquest tipus de turisme. A m\u00e9s d&#8217;atresorar infinites hist\u00f2ries, el recinte t\u00e9 un museu de carrosses f\u00fanebres. El cementiri organitza visites guiades de dues hores, en les quals relaten les necrologia m\u00e9s singulars i interessants. En el seg\u00fcent enlla\u00e7 trobareu <strong>horaris i preus.<\/strong><\/p>\n<p><strong>Refugi antiaeri 307.<\/strong>  Refugi creat l&#8217; any 1937, durant la guerra civil espanyola. En aquesta \u00e8poca es van crear una extensa xarxa de t\u00fanels perqu\u00e8 la poblaci\u00f3 pogu\u00e9s resguardar dels bombardejos. Van ser constru\u00efts pels ve\u00efns del barri, amb ajuda de la Generalitat, proporcionant eines i materials per poder dur a terme la construcci\u00f3. El 307 \u00e9s un dels millors conservats i un dels pocs que continua sent accessible. Actualment pertany al MUHBA, Museu d&#8217;Hist\u00f2ria de Barcelona. Est\u00e0 situat al barri de Poble Nou, concretament al C\/ Nou de la Rambla 169. En el seg\u00fcent link podreu <strong>comprar les entrades,<\/strong> tot i que teniu en compte que el primer diumenge del mes l&#8217;entrada \u00e9s gratu\u00efta i tamb\u00e9 tots els diumenges a partir de les 15:30. Aix\u00ed que aprofiteu ara, que encara queden activitats per fer turisme a Barcelona gratu\u00eftes!<\/p>\n\t\t\t\t\t\t\t\t<\/div>\n\t\t\t\t<\/div>\n\t\t\t\t\t<\/div>\n\t\t<\/div>\n\t\t\t\t\t<\/div>\n\t\t<\/section>\n\t\t\t\t<\/div>\n\t\t","protected":false},"excerpt":{"rendered":"<p>Fer turisme a Barcelona? A la teva pr\u00f2pia ciutat? I per qu\u00e8 no? Encara que siguem d&#8217;aqu\u00ed, sempre hi ha racons i punts d&#8217;inter\u00e8s per descobrir. I m\u00e9s a Barcelona,&hellip;<\/p>\n","protected":false},"author":2,"featured_media":19429,"comment_status":"closed","ping_status":"closed","sticky":false,"template":"elementor_header_footer","format":"standard","meta":{"_joinchat":[],"footnotes":""},"categories":[194],"tags":[],"class_list":["post-19866","post","type-post","status-publish","format-standard","has-post-thumbnail","hentry","category-blog-ca"],"yoast_head":"<!-- This site is optimized with the Yoast SEO plugin v25.5 - https:\/\/yoast.com\/wordpress\/plugins\/seo\/ -->\n<title>Turisme a Barcelona - Restaurante Abrassame<\/title>\n<meta name=\"robots\" content=\"index, follow, max-snippet:-1, max-image-preview:large, max-video-preview:-1\" \/>\n<link rel=\"canonical\" href=\"https:\/\/restauranteabrassame.com\/ca\/turisme-a-barcelona\/\" \/>\n<meta property=\"og:locale\" content=\"ca_ES\" \/>\n<meta property=\"og:type\" content=\"article\" \/>\n<meta property=\"og:title\" content=\"Turisme a Barcelona - Restaurante Abrassame\" \/>\n<meta property=\"og:description\" content=\"Fer turisme a Barcelona? A la teva pr\u00f2pia ciutat? I per qu\u00e8 no? Encara que siguem d&#8217;aqu\u00ed, sempre hi ha racons i punts d&#8217;inter\u00e8s per descobrir. I m\u00e9s a Barcelona,&hellip;\" \/>\n<meta property=\"og:url\" content=\"https:\/\/restauranteabrassame.com\/ca\/turisme-a-barcelona\/\" \/>\n<meta property=\"og:site_name\" content=\"Restaurante Abrassame\" \/>\n<meta property=\"article:publisher\" content=\"https:\/\/www.facebook.com\/RestauranteAbrassame\" \/>\n<meta property=\"article:published_time\" content=\"2023-11-06T15:29:39+00:00\" \/>\n<meta property=\"article:modified_time\" content=\"2024-01-12T11:53:48+00:00\" \/>\n<meta property=\"og:image\" content=\"https:\/\/restauranteabrassame.com\/wp-content\/uploads\/2023\/11\/Turismo-en-Barcelona-Montjuic-2048x1536-1.jpg\" \/>\n\t<meta property=\"og:image:width\" content=\"2048\" \/>\n\t<meta property=\"og:image:height\" content=\"1536\" \/>\n\t<meta property=\"og:image:type\" content=\"image\/jpeg\" \/>\n<meta name=\"author\" content=\"practicas1\" \/>\n<meta name=\"twitter:card\" content=\"summary_large_image\" \/>\n<meta name=\"twitter:label1\" content=\"Escrit per\" \/>\n\t<meta name=\"twitter:data1\" content=\"practicas1\" \/>\n\t<meta name=\"twitter:label2\" content=\"Temps estimat de lectura\" \/>\n\t<meta name=\"twitter:data2\" content=\"9 minuts\" \/>\n<script type=\"application\/ld+json\" class=\"yoast-schema-graph\">{\"@context\":\"https:\/\/schema.org\",\"@graph\":[{\"@type\":\"Article\",\"@id\":\"https:\/\/restauranteabrassame.com\/ca\/turisme-a-barcelona\/#article\",\"isPartOf\":{\"@id\":\"https:\/\/restauranteabrassame.com\/ca\/turisme-a-barcelona\/\"},\"author\":{\"name\":\"practicas1\",\"@id\":\"https:\/\/restauranteabrassame.com\/ca\/#\/schema\/person\/1b9ee299736fbb9e9789482006530398\"},\"headline\":\"Turisme a Barcelona\",\"datePublished\":\"2023-11-06T15:29:39+00:00\",\"dateModified\":\"2024-01-12T11:53:48+00:00\",\"mainEntityOfPage\":{\"@id\":\"https:\/\/restauranteabrassame.com\/ca\/turisme-a-barcelona\/\"},\"wordCount\":1862,\"publisher\":{\"@id\":\"https:\/\/restauranteabrassame.com\/ca\/#organization\"},\"image\":{\"@id\":\"https:\/\/restauranteabrassame.com\/ca\/turisme-a-barcelona\/#primaryimage\"},\"thumbnailUrl\":\"https:\/\/restauranteabrassame.com\/wp-content\/uploads\/2023\/11\/Turismo-en-Barcelona-Montjuic-2048x1536-1.jpg\",\"articleSection\":[\"Blog\"],\"inLanguage\":\"ca\"},{\"@type\":\"WebPage\",\"@id\":\"https:\/\/restauranteabrassame.com\/ca\/turisme-a-barcelona\/\",\"url\":\"https:\/\/restauranteabrassame.com\/ca\/turisme-a-barcelona\/\",\"name\":\"Turisme a Barcelona - Restaurante Abrassame\",\"isPartOf\":{\"@id\":\"https:\/\/restauranteabrassame.com\/ca\/#website\"},\"primaryImageOfPage\":{\"@id\":\"https:\/\/restauranteabrassame.com\/ca\/turisme-a-barcelona\/#primaryimage\"},\"image\":{\"@id\":\"https:\/\/restauranteabrassame.com\/ca\/turisme-a-barcelona\/#primaryimage\"},\"thumbnailUrl\":\"https:\/\/restauranteabrassame.com\/wp-content\/uploads\/2023\/11\/Turismo-en-Barcelona-Montjuic-2048x1536-1.jpg\",\"datePublished\":\"2023-11-06T15:29:39+00:00\",\"dateModified\":\"2024-01-12T11:53:48+00:00\",\"breadcrumb\":{\"@id\":\"https:\/\/restauranteabrassame.com\/ca\/turisme-a-barcelona\/#breadcrumb\"},\"inLanguage\":\"ca\",\"potentialAction\":[{\"@type\":\"ReadAction\",\"target\":[\"https:\/\/restauranteabrassame.com\/ca\/turisme-a-barcelona\/\"]}]},{\"@type\":\"ImageObject\",\"inLanguage\":\"ca\",\"@id\":\"https:\/\/restauranteabrassame.com\/ca\/turisme-a-barcelona\/#primaryimage\",\"url\":\"https:\/\/restauranteabrassame.com\/wp-content\/uploads\/2023\/11\/Turismo-en-Barcelona-Montjuic-2048x1536-1.jpg\",\"contentUrl\":\"https:\/\/restauranteabrassame.com\/wp-content\/uploads\/2023\/11\/Turismo-en-Barcelona-Montjuic-2048x1536-1.jpg\",\"width\":2048,\"height\":1536},{\"@type\":\"BreadcrumbList\",\"@id\":\"https:\/\/restauranteabrassame.com\/ca\/turisme-a-barcelona\/#breadcrumb\",\"itemListElement\":[{\"@type\":\"ListItem\",\"position\":1,\"name\":\"Portada\",\"item\":\"https:\/\/restauranteabrassame.com\/ca\/\"},{\"@type\":\"ListItem\",\"position\":2,\"name\":\"Turisme a Barcelona\"}]},{\"@type\":\"WebSite\",\"@id\":\"https:\/\/restauranteabrassame.com\/ca\/#website\",\"url\":\"https:\/\/restauranteabrassame.com\/ca\/\",\"name\":\"Restaurante Abrassame\",\"description\":\"Cocina Mediterr\u00e1nea en Barcelona\",\"publisher\":{\"@id\":\"https:\/\/restauranteabrassame.com\/ca\/#organization\"},\"potentialAction\":[{\"@type\":\"SearchAction\",\"target\":{\"@type\":\"EntryPoint\",\"urlTemplate\":\"https:\/\/restauranteabrassame.com\/ca\/?s={search_term_string}\"},\"query-input\":{\"@type\":\"PropertyValueSpecification\",\"valueRequired\":true,\"valueName\":\"search_term_string\"}}],\"inLanguage\":\"ca\"},{\"@type\":\"Organization\",\"@id\":\"https:\/\/restauranteabrassame.com\/ca\/#organization\",\"name\":\"Restaurante Abrassame\",\"url\":\"https:\/\/restauranteabrassame.com\/ca\/\",\"logo\":{\"@type\":\"ImageObject\",\"inLanguage\":\"ca\",\"@id\":\"https:\/\/restauranteabrassame.com\/ca\/#\/schema\/logo\/image\/\",\"url\":\"https:\/\/restauranteabrassame.com\/wp-content\/uploads\/2023\/09\/rest-abrassame.png\",\"contentUrl\":\"https:\/\/restauranteabrassame.com\/wp-content\/uploads\/2023\/09\/rest-abrassame.png\",\"width\":800,\"height\":800,\"caption\":\"Restaurante Abrassame\"},\"image\":{\"@id\":\"https:\/\/restauranteabrassame.com\/ca\/#\/schema\/logo\/image\/\"},\"sameAs\":[\"https:\/\/www.facebook.com\/RestauranteAbrassame\",\"https:\/\/www.instagram.com\/restauranteabrassame\/\"]},{\"@type\":\"Person\",\"@id\":\"https:\/\/restauranteabrassame.com\/ca\/#\/schema\/person\/1b9ee299736fbb9e9789482006530398\",\"name\":\"practicas1\",\"url\":\"https:\/\/restauranteabrassame.com\/ca\/author\/practicas1\/\"}]}<\/script>\n<!-- \/ Yoast SEO plugin. -->","yoast_head_json":{"title":"Turisme a Barcelona - Restaurante Abrassame","robots":{"index":"index","follow":"follow","max-snippet":"max-snippet:-1","max-image-preview":"max-image-preview:large","max-video-preview":"max-video-preview:-1"},"canonical":"https:\/\/restauranteabrassame.com\/ca\/turisme-a-barcelona\/","og_locale":"ca_ES","og_type":"article","og_title":"Turisme a Barcelona - Restaurante Abrassame","og_description":"Fer turisme a Barcelona? A la teva pr\u00f2pia ciutat? I per qu\u00e8 no? Encara que siguem d&#8217;aqu\u00ed, sempre hi ha racons i punts d&#8217;inter\u00e8s per descobrir. I m\u00e9s a Barcelona,&hellip;","og_url":"https:\/\/restauranteabrassame.com\/ca\/turisme-a-barcelona\/","og_site_name":"Restaurante Abrassame","article_publisher":"https:\/\/www.facebook.com\/RestauranteAbrassame","article_published_time":"2023-11-06T15:29:39+00:00","article_modified_time":"2024-01-12T11:53:48+00:00","og_image":[{"width":2048,"height":1536,"url":"https:\/\/restauranteabrassame.com\/wp-content\/uploads\/2023\/11\/Turismo-en-Barcelona-Montjuic-2048x1536-1.jpg","type":"image\/jpeg"}],"author":"practicas1","twitter_card":"summary_large_image","twitter_misc":{"Escrit per":"practicas1","Temps estimat de lectura":"9 minuts"},"schema":{"@context":"https:\/\/schema.org","@graph":[{"@type":"Article","@id":"https:\/\/restauranteabrassame.com\/ca\/turisme-a-barcelona\/#article","isPartOf":{"@id":"https:\/\/restauranteabrassame.com\/ca\/turisme-a-barcelona\/"},"author":{"name":"practicas1","@id":"https:\/\/restauranteabrassame.com\/ca\/#\/schema\/person\/1b9ee299736fbb9e9789482006530398"},"headline":"Turisme a Barcelona","datePublished":"2023-11-06T15:29:39+00:00","dateModified":"2024-01-12T11:53:48+00:00","mainEntityOfPage":{"@id":"https:\/\/restauranteabrassame.com\/ca\/turisme-a-barcelona\/"},"wordCount":1862,"publisher":{"@id":"https:\/\/restauranteabrassame.com\/ca\/#organization"},"image":{"@id":"https:\/\/restauranteabrassame.com\/ca\/turisme-a-barcelona\/#primaryimage"},"thumbnailUrl":"https:\/\/restauranteabrassame.com\/wp-content\/uploads\/2023\/11\/Turismo-en-Barcelona-Montjuic-2048x1536-1.jpg","articleSection":["Blog"],"inLanguage":"ca"},{"@type":"WebPage","@id":"https:\/\/restauranteabrassame.com\/ca\/turisme-a-barcelona\/","url":"https:\/\/restauranteabrassame.com\/ca\/turisme-a-barcelona\/","name":"Turisme a Barcelona - Restaurante Abrassame","isPartOf":{"@id":"https:\/\/restauranteabrassame.com\/ca\/#website"},"primaryImageOfPage":{"@id":"https:\/\/restauranteabrassame.com\/ca\/turisme-a-barcelona\/#primaryimage"},"image":{"@id":"https:\/\/restauranteabrassame.com\/ca\/turisme-a-barcelona\/#primaryimage"},"thumbnailUrl":"https:\/\/restauranteabrassame.com\/wp-content\/uploads\/2023\/11\/Turismo-en-Barcelona-Montjuic-2048x1536-1.jpg","datePublished":"2023-11-06T15:29:39+00:00","dateModified":"2024-01-12T11:53:48+00:00","breadcrumb":{"@id":"https:\/\/restauranteabrassame.com\/ca\/turisme-a-barcelona\/#breadcrumb"},"inLanguage":"ca","potentialAction":[{"@type":"ReadAction","target":["https:\/\/restauranteabrassame.com\/ca\/turisme-a-barcelona\/"]}]},{"@type":"ImageObject","inLanguage":"ca","@id":"https:\/\/restauranteabrassame.com\/ca\/turisme-a-barcelona\/#primaryimage","url":"https:\/\/restauranteabrassame.com\/wp-content\/uploads\/2023\/11\/Turismo-en-Barcelona-Montjuic-2048x1536-1.jpg","contentUrl":"https:\/\/restauranteabrassame.com\/wp-content\/uploads\/2023\/11\/Turismo-en-Barcelona-Montjuic-2048x1536-1.jpg","width":2048,"height":1536},{"@type":"BreadcrumbList","@id":"https:\/\/restauranteabrassame.com\/ca\/turisme-a-barcelona\/#breadcrumb","itemListElement":[{"@type":"ListItem","position":1,"name":"Portada","item":"https:\/\/restauranteabrassame.com\/ca\/"},{"@type":"ListItem","position":2,"name":"Turisme a Barcelona"}]},{"@type":"WebSite","@id":"https:\/\/restauranteabrassame.com\/ca\/#website","url":"https:\/\/restauranteabrassame.com\/ca\/","name":"Restaurante Abrassame","description":"Cocina Mediterr\u00e1nea en Barcelona","publisher":{"@id":"https:\/\/restauranteabrassame.com\/ca\/#organization"},"potentialAction":[{"@type":"SearchAction","target":{"@type":"EntryPoint","urlTemplate":"https:\/\/restauranteabrassame.com\/ca\/?s={search_term_string}"},"query-input":{"@type":"PropertyValueSpecification","valueRequired":true,"valueName":"search_term_string"}}],"inLanguage":"ca"},{"@type":"Organization","@id":"https:\/\/restauranteabrassame.com\/ca\/#organization","name":"Restaurante Abrassame","url":"https:\/\/restauranteabrassame.com\/ca\/","logo":{"@type":"ImageObject","inLanguage":"ca","@id":"https:\/\/restauranteabrassame.com\/ca\/#\/schema\/logo\/image\/","url":"https:\/\/restauranteabrassame.com\/wp-content\/uploads\/2023\/09\/rest-abrassame.png","contentUrl":"https:\/\/restauranteabrassame.com\/wp-content\/uploads\/2023\/09\/rest-abrassame.png","width":800,"height":800,"caption":"Restaurante Abrassame"},"image":{"@id":"https:\/\/restauranteabrassame.com\/ca\/#\/schema\/logo\/image\/"},"sameAs":["https:\/\/www.facebook.com\/RestauranteAbrassame","https:\/\/www.instagram.com\/restauranteabrassame\/"]},{"@type":"Person","@id":"https:\/\/restauranteabrassame.com\/ca\/#\/schema\/person\/1b9ee299736fbb9e9789482006530398","name":"practicas1","url":"https:\/\/restauranteabrassame.com\/ca\/author\/practicas1\/"}]}},"_links":{"self":[{"href":"https:\/\/restauranteabrassame.com\/ca\/wp-json\/wp\/v2\/posts\/19866","targetHints":{"allow":["GET"]}}],"collection":[{"href":"https:\/\/restauranteabrassame.com\/ca\/wp-json\/wp\/v2\/posts"}],"about":[{"href":"https:\/\/restauranteabrassame.com\/ca\/wp-json\/wp\/v2\/types\/post"}],"author":[{"embeddable":true,"href":"https:\/\/restauranteabrassame.com\/ca\/wp-json\/wp\/v2\/users\/2"}],"replies":[{"embeddable":true,"href":"https:\/\/restauranteabrassame.com\/ca\/wp-json\/wp\/v2\/comments?post=19866"}],"version-history":[{"count":2,"href":"https:\/\/restauranteabrassame.com\/ca\/wp-json\/wp\/v2\/posts\/19866\/revisions"}],"predecessor-version":[{"id":19869,"href":"https:\/\/restauranteabrassame.com\/ca\/wp-json\/wp\/v2\/posts\/19866\/revisions\/19869"}],"wp:featuredmedia":[{"embeddable":true,"href":"https:\/\/restauranteabrassame.com\/ca\/wp-json\/wp\/v2\/media\/19429"}],"wp:attachment":[{"href":"https:\/\/restauranteabrassame.com\/ca\/wp-json\/wp\/v2\/media?parent=19866"}],"wp:term":[{"taxonomy":"category","embeddable":true,"href":"https:\/\/restauranteabrassame.com\/ca\/wp-json\/wp\/v2\/categories?post=19866"},{"taxonomy":"post_tag","embeddable":true,"href":"https:\/\/restauranteabrassame.com\/ca\/wp-json\/wp\/v2\/tags?post=19866"}],"curies":[{"name":"wp","href":"https:\/\/api.w.org\/{rel}","templated":true}]}}